{"id":6333,"date":"2019-05-21T09:18:28","date_gmt":"2019-05-21T08:18:28","guid":{"rendered":"http:\/\/turismovallidilanzo.it\/?p=6333"},"modified":"2019-11-28T11:14:21","modified_gmt":"2019-11-28T10:14:21","slug":"evento-di-lancio-di-mobilab","status":"publish","type":"post","link":"https:\/\/turismovallidilanzo.it\/en\/evento-di-lancio-di-mobilab\/","title":{"rendered":"EVENTO DI LANCIO DI MOBILAB"},"content":{"rendered":"<p style=\"text-align: center;\"><img loading=\"lazy\" class=\"aligncenter wp-image-6334 size-full\" src=\"https:\/\/turismovallidilanzo.it\/wp-content\/uploads\/2019\/05\/MOBILAB.png\" alt=\"\" width=\"870\" height=\"460\" srcset=\"https:\/\/turismovallidilanzo.it\/wp-content\/uploads\/2019\/05\/MOBILAB.png 870w, https:\/\/turismovallidilanzo.it\/wp-content\/uploads\/2019\/05\/MOBILAB-300x159.png 300w, https:\/\/turismovallidilanzo.it\/wp-content\/uploads\/2019\/05\/MOBILAB-768x406.png 768w, https:\/\/turismovallidilanzo.it\/wp-content\/uploads\/2019\/05\/MOBILAB-600x317.png 600w\" sizes=\"(max-width: 870px) 100vw, 870px\" \/><\/p>\n<p>ll prossimo 5 giugno a Lanzo Torinese, in concomitanza con la Giornata Mondiale dell&#8217;Ambiente, quest&#8217;anno intitolata al tema dell&#8217;inquinamento atmosferico, si svolger\u00e0 l&#8217;evento di lancio del progetto MobiLab, focalizzare sulla sperimentazione di servizi innovativi di mobilit\u00e0.<br \/>\nSar\u00e0 l&#8217;occasione per parlare di tecnologie verdi e promuovere l&#8217;utilizzo dei mezzi elettrici (bike, autovetture, minibus) per migliorare la qualit\u00e0 dell&#8217;aria e adottare modalit\u00e0 di spostamento pi\u00f9 sostenibili.<\/p>\n<p>Sono invitati a partecipare gli Amministratori e i tecnici degli Enti locali, le imprese del territorio (in particolare quelle del settore turistico-ricettivo) e gli stakeholder competenti e operanti sul tema della mobilit\u00e0.<\/p>\n<p>Il programma della giornata prevede:<br \/>\n10.30 \/ 12.30 Prove di mobilit\u00e0 elettrica nell&#8217;area Movicentro<br \/>\n14.30 \/ 16.30 Seminario di Lancio del progetto: &#8220;MobiLab &#8211; Mobilit\u00e0 elettrica: quali opportunit\u00e0 per i territori rurali e montani?&#8221;<\/p>\n<p>Il progetto MobiLab fa parte del Piano Territoriale Integrato GraiesLab (PITER Generazioni Rurali Attive, Innovanti e Solidali Lab) e vede la Citt\u00e0 metropolitana di Torino nel ruolo di capofila, come partner di progetto italiani il GAL Valli di Lanzo, Ceronda e Casternone e l&#8217;Unit\u00e9 des communes vald\u00f4taines Grand-Paradis, e come partner francesi la Communaut\u00e9 d&#8217;Agglom\u00e9ration Arlys\u00e8re e la Communaut\u00e9 de Communes C\u0153ur de Savoie.<\/p>\n","protected":false},"excerpt":{"rendered":"<p>ll prossimo 5 giugno a Lanzo Torinese, in concomitanza con la Giornata Mondiale dell&#8217;Ambiente, quest&#8217;anno intitolata al tema dell&#8217;inquinamento atmosferico, si svolger\u00e0 l&#8217;evento di lancio del progetto MobiLab, focalizzare sulla sperimentazione di servizi innovativi di mobilit\u00e0. Sar\u00e0 l&#8217;occasione per parlare di tecnologie verdi e promuovere l&#8217;utilizzo dei mezzi elettrici (bike, autovetture, minibus) per migliorare la [&hellip;]<\/p>\n","protected":false},"author":72,"featured_media":0,"comment_status":"closed","ping_status":"closed","sticky":false,"template":"","format":"standard","meta":[],"categories":[1],"tags":[],"acf":[],"yoast_head":"<!-- This site is optimized with the Yoast SEO plugin v16.5 - https:\/\/yoast.com\/wordpress\/plugins\/seo\/ -->\n<meta name=\"robots\" content=\"index, follow, max-snippet:-1, max-image-preview:large, max-video-preview:-1\" \/>\n<link rel=\"canonical\" href=\"https:\/\/turismovallidilanzo.it\/en\/evento-di-lancio-di-mobilab\/\" \/>\n<meta property=\"og:locale\" content=\"en_US\" \/>\n<meta property=\"og:type\" content=\"article\" \/>\n<meta property=\"og:title\" content=\"EVENTO DI LANCIO DI MOBILAB - Turismo nelle Valli di Lanzo\" \/>\n<meta property=\"og:description\" content=\"ll prossimo 5 giugno a Lanzo Torinese, in concomitanza con la Giornata Mondiale dell&#8217;Ambiente, quest&#8217;anno intitolata al tema dell&#8217;inquinamento atmosferico, si svolger\u00e0 l&#8217;evento di lancio del progetto MobiLab, focalizzare sulla sperimentazione di servizi innovativi di mobilit\u00e0. Sar\u00e0 l&#8217;occasione per parlare di tecnologie verdi e promuovere l&#8217;utilizzo dei mezzi elettrici (bike, autovetture, minibus) per migliorare la [&hellip;]\" \/>\n<meta property=\"og:url\" content=\"https:\/\/turismovallidilanzo.it\/evento-di-lancio-di-mobilab\/\" \/>\n<meta property=\"og:site_name\" content=\"Turismo nelle Valli di Lanzo\" \/>\n<meta property=\"article:published_time\" content=\"2019-05-21T08:18:28+00:00\" \/>\n<meta property=\"article:modified_time\" content=\"2019-11-28T10:14:21+00:00\" \/>\n<meta property=\"og:image\" content=\"https:\/\/turismovallidilanzo.it\/wp-content\/uploads\/2019\/05\/MOBILAB.png\" \/>\n<meta name=\"twitter:label1\" content=\"Est. reading time\" \/>\n\t<meta name=\"twitter:data1\" content=\"1 minute\" \/>\n<script type=\"application\/ld+json\" class=\"yoast-schema-graph\">{\"@context\":\"https:\/\/schema.org\",\"@graph\":[{\"@type\":\"WebSite\",\"@id\":\"https:\/\/turismovallidilanzo.it\/#website\",\"url\":\"https:\/\/turismovallidilanzo.it\/\",\"name\":\"Turismo nelle Valli di Lanzo\",\"description\":\"Official portal of the Valli di Lanzo\",\"potentialAction\":[{\"@type\":\"SearchAction\",\"target\":\"https:\/\/turismovallidilanzo.it\/?s={search_term_string}\",\"query-input\":\"required name=search_term_string\"}],\"inLanguage\":\"en-US\"},{\"@type\":\"ImageObject\",\"@id\":\"https:\/\/turismovallidilanzo.it\/evento-di-lancio-di-mobilab\/#primaryimage\",\"inLanguage\":\"en-US\",\"url\":\"https:\/\/turismovallidilanzo.it\/wp-content\/uploads\/2019\/05\/MOBILAB.png\",\"contentUrl\":\"https:\/\/turismovallidilanzo.it\/wp-content\/uploads\/2019\/05\/MOBILAB.png\",\"width\":870,\"height\":460},{\"@type\":\"WebPage\",\"@id\":\"https:\/\/turismovallidilanzo.it\/evento-di-lancio-di-mobilab\/#webpage\",\"url\":\"https:\/\/turismovallidilanzo.it\/evento-di-lancio-di-mobilab\/\",\"name\":\"EVENTO DI LANCIO DI MOBILAB - Turismo nelle Valli di Lanzo\",\"isPartOf\":{\"@id\":\"https:\/\/turismovallidilanzo.it\/#website\"},\"primaryImageOfPage\":{\"@id\":\"https:\/\/turismovallidilanzo.it\/evento-di-lancio-di-mobilab\/#primaryimage\"},\"datePublished\":\"2019-05-21T08:18:28+00:00\",\"dateModified\":\"2019-11-28T10:14:21+00:00\",\"author\":{\"@id\":\"https:\/\/turismovallidilanzo.it\/#\/schema\/person\/2b18b4a136c80d7df3696c58ca5a3bee\"},\"breadcrumb\":{\"@id\":\"https:\/\/turismovallidilanzo.it\/evento-di-lancio-di-mobilab\/#breadcrumb\"},\"inLanguage\":\"en-US\",\"potentialAction\":[{\"@type\":\"ReadAction\",\"target\":[\"https:\/\/turismovallidilanzo.it\/evento-di-lancio-di-mobilab\/\"]}]},{\"@type\":\"BreadcrumbList\",\"@id\":\"https:\/\/turismovallidilanzo.it\/evento-di-lancio-di-mobilab\/#breadcrumb\",\"itemListElement\":[{\"@type\":\"ListItem\",\"position\":1,\"name\":\"Home\",\"item\":\"https:\/\/turismovallidilanzo.it\/en\/home-2\/\"},{\"@type\":\"ListItem\",\"position\":2,\"name\":\"EVENTO DI LANCIO DI MOBILAB\"}]},{\"@type\":\"Person\",\"@id\":\"https:\/\/turismovallidilanzo.it\/#\/schema\/person\/2b18b4a136c80d7df3696c58ca5a3bee\",\"name\":\"Consorzio Operatori Turistici Valli di Lanzo\",\"url\":\"https:\/\/turismovallidilanzo.it\/en\/author\/consorzio-operatori-turistici-valli-di-lanzo\/\"}]}<\/script>\n<!-- \/ Yoast SEO plugin. -->","_links":{"self":[{"href":"https:\/\/turismovallidilanzo.it\/en\/wp-json\/wp\/v2\/posts\/6333\/"}],"collection":[{"href":"https:\/\/turismovallidilanzo.it\/en\/wp-json\/wp\/v2\/posts\/"}],"about":[{"href":"https:\/\/turismovallidilanzo.it\/en\/wp-json\/wp\/v2\/types\/post\/"}],"author":[{"embeddable":true,"href":"https:\/\/turismovallidilanzo.it\/en\/wp-json\/wp\/v2\/users\/72\/"}],"replies":[{"embeddable":true,"href":"https:\/\/turismovallidilanzo.it\/en\/wp-json\/wp\/v2\/comments\/?post=6333"}],"version-history":[{"count":4,"href":"https:\/\/turismovallidilanzo.it\/en\/wp-json\/wp\/v2\/posts\/6333\/revisions\/"}],"predecessor-version":[{"id":6344,"href":"https:\/\/turismovallidilanzo.it\/en\/wp-json\/wp\/v2\/posts\/6333\/revisions\/6344\/"}],"wp:attachment":[{"href":"https:\/\/turismovallidilanzo.it\/en\/wp-json\/wp\/v2\/media\/?parent=6333"}],"wp:term":[{"taxonomy":"category","embeddable":true,"href":"https:\/\/turismovallidilanzo.it\/en\/wp-json\/wp\/v2\/categories\/?post=6333"},{"taxonomy":"post_tag","embeddable":true,"href":"https:\/\/turismovallidilanzo.it\/en\/wp-json\/wp\/v2\/tags\/?post=6333"}],"curies":[{"name":"wp","href":"https:\/\/api.w.org\/{rel}","templated":true}]}}